{"id":274,"date":"2021-08-25T12:00:00","date_gmt":"2021-08-25T12:00:00","guid":{"rendered":"http:\/\/zarebscy.pl\/?p=274"},"modified":"2024-04-18T06:54:53","modified_gmt":"2024-04-18T06:54:53","slug":"namioty-na-imprezy-plenerowe-do-wynajecia","status":"publish","type":"post","link":"https:\/\/zarebscy.pl\/index.php\/2021\/08\/25\/namioty-na-imprezy-plenerowe-do-wynajecia\/","title":{"rendered":"Namioty na imprezy plenerowe do wynaj\u0119cia!"},"content":{"rendered":"\n<p>Namioty na imprezy plenerowe 4x8m oraz 5x8m, krzes\u0142a i sto\u0142y rozk\u0142adane, o\u015bwietlenie do wynaj\u0119cia.<\/p>\n\n\n\n<p>Co nas wyr\u00f3\u017cnia? Wersja\u00a0<strong>GRAND<\/strong>\u00a0&#8211; solidna konstrukcja!<\/p>\n","protected":false},"excerpt":{"rendered":"<p>Namioty na imprezy plenerowe 4x8m oraz 5x8m, krzes\u0142a i sto\u0142y rozk\u0142adane, o\u015bwietlenie do wynaj\u0119cia. Co nas wyr\u00f3\u017cnia? Wersja\u00a0GRAND\u00a0&#8211; solidna konstrukcja!<\/p>\n","protected":false},"author":1,"featured_media":278,"comment_status":"closed","ping_status":"closed","sticky":false,"template":"","format":"standard","meta":{"footnotes":""},"categories":[1],"tags":[10],"class_list":["post-274","post","type-post","status-publish","format-standard","has-post-thumbnail","hentry","category-uncategorized","tag-blog"],"_links":{"self":[{"href":"https:\/\/zarebscy.pl\/index.php\/wp-json\/wp\/v2\/posts\/274"}],"collection":[{"href":"https:\/\/zarebscy.pl\/index.php\/wp-json\/wp\/v2\/posts"}],"about":[{"href":"https:\/\/zarebscy.pl\/index.php\/wp-json\/wp\/v2\/types\/post"}],"author":[{"embeddable":true,"href":"https:\/\/zarebscy.pl\/index.php\/wp-json\/wp\/v2\/users\/1"}],"replies":[{"embeddable":true,"href":"https:\/\/zarebscy.pl\/index.php\/wp-json\/wp\/v2\/comments?post=274"}],"version-history":[{"count":1,"href":"https:\/\/zarebscy.pl\/index.php\/wp-json\/wp\/v2\/posts\/274\/revisions"}],"predecessor-version":[{"id":1440,"href":"https:\/\/zarebscy.pl\/index.php\/wp-json\/wp\/v2\/posts\/274\/revisions\/1440"}],"wp:featuredmedia":[{"embeddable":true,"href":"https:\/\/zarebscy.pl\/index.php\/wp-json\/wp\/v2\/media\/278"}],"wp:attachment":[{"href":"https:\/\/zarebscy.pl\/index.php\/wp-json\/wp\/v2\/media?parent=274"}],"wp:term":[{"taxonomy":"category","embeddable":true,"href":"https:\/\/zarebscy.pl\/index.php\/wp-json\/wp\/v2\/categories?post=274"},{"taxonomy":"post_tag","embeddable":true,"href":"https:\/\/zarebscy.pl\/index.php\/wp-json\/wp\/v2\/tags?post=274"}],"curies":[{"name":"wp","href":"https:\/\/api.w.org\/{rel}","templated":true}]}}